{"id":6031,"date":"2026-03-09T15:50:56","date_gmt":"2026-03-09T14:50:56","guid":{"rendered":"https:\/\/muzeumvac.hu\/?p=6031"},"modified":"2026-03-09T15:52:38","modified_gmt":"2026-03-09T14:52:38","slug":"tegyuk-egyutt-meg-baratsagosabba-a-tragor-ignac-muzeum-kertjet","status":"publish","type":"post","link":"https:\/\/muzeumvac.hu\/en\/2026\/03\/09\/tegyuk-egyutt-meg-baratsagosabba-a-tragor-ignac-muzeum-kertjet\/","title":{"rendered":"Tegy\u00fck egy\u00fctt m\u00e9g bar\u00e1ts\u00e1gosabb\u00e1 a Tragor Ign\u00e1c M\u00fazeum kertj\u00e9t!"},"content":{"rendered":"\n[et_pb_section fb_built=&#8221;1&#8243; theme_builder_area=&#8221;post_content&#8221; _builder_version=&#8221;4.27.6&#8243; _module_preset=&#8221;default&#8221;][et_pb_row _builder_version=&#8221;4.27.6&#8243; _module_preset=&#8221;default&#8221; theme_builder_area=&#8221;post_content&#8221;][et_pb_column _builder_version=&#8221;4.27.6&#8243; _module_preset=&#8221;default&#8221; type=&#8221;4_4&#8243; theme_builder_area=&#8221;post_content&#8221;][et_pb_text _builder_version=&#8221;4.27.6&#8243; _module_preset=&#8221;default&#8221; theme_builder_area=&#8221;post_content&#8221; hover_enabled=&#8221;0&#8243; sticky_enabled=&#8221;0&#8243;]<p>Tisztelt L\u00e1togat\u00f3ink!<\/p>\n<p>&nbsp;<\/p>\n<p>Arra k\u00e9rj\u00fck \u00d6n\u00f6ket, hogy ad\u00f3juk 1 %-\u00e1nak felaj\u00e1nl\u00e1s\u00e1val v\u00e1ljanak r\u00e9szeseiv\u00e9 egy k\u00fcl\u00f6nleges fejleszt\u00e9snek. C\u00e9lunk, hogy a m\u00fazeumudvarunkat \u00e9s ker\u00fcnket m\u00e9g h\u00edvogat\u00f3bb, z\u00f6ldebb \u00e9s k\u00e9nyelmesebb k\u00f6z\u00f6ss\u00e9gi t\u00e9rr\u00e9 var\u00e1zsoljuk.<\/p>\n<p>Szeretn\u00e9nk, ha a ki\u00e1ll\u00edt\u00e1saink megtekint\u00e9se ut\u00e1n egy igaz\u00e1n bar\u00e1ts\u00e1gos k\u00f6rnyezetben pihenhetn\u00e9nek meg, \u00e9s szabadt\u00e9ri programjaink is m\u00e9lt\u00f3, vir\u00e1gz\u00f3 kertet kapn\u00e1nak.\u00a0<\/p>\n<p>Ez az apr\u00f3 d\u00f6nt\u00e9s \u00f3ri\u00e1si seg\u00edts\u00e9get jelent sz\u00e1munkra!\u00a0<\/p>\n<p>Ad\u00f3sz\u00e1munk:\u00a0 15809764-2-13<\/p>\n<p>K\u00f6sz\u00f6nj\u00fck, ha t\u00e1mogat\u00e1s\u00e1val hozz\u00e1j\u00e1rul ahhoz, hogy a Tragor Ign\u00e1c M\u00fazeum kertje meg\u00fajuljon!<\/p>[\/et_pb_text][et_pb_image src=&#8221;https:\/\/muzeumvac.hu\/wp-content\/uploads\/2026\/03\/Tamogassa-on-is-adoja-1-anak-felajanlasaval-a-Tragor-Ignac-Muzeumot-1.jpg&#8221; _builder_version=&#8221;4.27.6&#8243; _module_preset=&#8221;default&#8221; theme_builder_area=&#8221;post_content&#8221; title_text=&#8221;T\u00e1mogassa \u00f6n is ad\u00f3ja 1%-\u00e1nak felaj\u00e1nl\u00e1s\u00e1val a Tragor Ign\u00e1c M\u00fazeumot&#8221; hover_enabled=&#8221;0&#8243; sticky_enabled=&#8221;0&#8243; width=&#8221;50%&#8221; max_width=&#8221;50%&#8221; align=&#8221;center&#8221;][\/et_pb_image][\/et_pb_column][\/et_pb_row][\/et_pb_section]\n","protected":false},"excerpt":{"rendered":"<p>Tisztelt L\u00e1togat\u00f3ink! &nbsp; Arra k\u00e9rj\u00fck \u00d6n\u00f6ket, hogy ad\u00f3juk 1 %-\u00e1nak felaj\u00e1nl\u00e1s\u00e1val v\u00e1ljanak r\u00e9szeseiv\u00e9 egy k\u00fcl\u00f6nleges fejleszt\u00e9snek. C\u00e9lunk, hogy a m\u00fazeumudvarunkat \u00e9s ker\u00fcnket m\u00e9g h\u00edvogat\u00f3bb, z\u00f6ldebb \u00e9s k\u00e9nyelmesebb k\u00f6z\u00f6ss\u00e9gi t\u00e9rr\u00e9 var\u00e1zsoljuk. [&hellip;]<\/p>\n","protected":false},"author":1,"featured_media":6035,"comment_status":"closed","ping_status":"closed","sticky":false,"template":"","format":"standard","meta":{"_et_pb_use_builder":"on","_et_pb_old_content":"","_et_gb_content_width":"","footnotes":""},"categories":[6],"tags":[],"class_list":["post-6031","post","type-post","status-publish","format-standard","has-post-thumbnail","hentry","category-hirek"],"yoast_head":"<!-- This site is optimized with the Yoast SEO Premium plugin v27.4 (Yoast SEO v27.5) - https:\/\/yoast.com\/product\/yoast-seo-premium-wordpress\/ -->\n<title>Tegy\u00fck egy\u00fctt m\u00e9g bar\u00e1ts\u00e1gosabb\u00e1 a Tragor Ign\u00e1c M\u00fazeum kertj\u00e9t! - TRAGOR IGN\u00c1C M\u00daZEUM \u2022 V\u00c1C<\/title>\n<meta name=\"robots\" content=\"index, follow, max-snippet:-1, max-image-preview:large, max-video-preview:-1\" \/>\n<link rel=\"canonical\" href=\"https:\/\/muzeumvac.hu\/en\/2026\/03\/09\/tegyuk-egyutt-meg-baratsagosabba-a-tragor-ignac-muzeum-kertjet\/\" \/>\n<meta property=\"og:locale\" content=\"en_GB\" \/>\n<meta property=\"og:type\" content=\"article\" \/>\n<meta property=\"og:title\" content=\"Tegy\u00fck egy\u00fctt m\u00e9g bar\u00e1ts\u00e1gosabb\u00e1 a Tragor Ign\u00e1c M\u00fazeum kertj\u00e9t!\" \/>\n<meta property=\"og:description\" content=\"Tisztelt L\u00e1togat\u00f3ink! &nbsp; Arra k\u00e9rj\u00fck \u00d6n\u00f6ket, hogy ad\u00f3juk 1 %-\u00e1nak felaj\u00e1nl\u00e1s\u00e1val v\u00e1ljanak r\u00e9szeseiv\u00e9 egy k\u00fcl\u00f6nleges fejleszt\u00e9snek. C\u00e9lunk, hogy a m\u00fazeumudvarunkat \u00e9s ker\u00fcnket m\u00e9g h\u00edvogat\u00f3bb, z\u00f6ldebb \u00e9s k\u00e9nyelmesebb k\u00f6z\u00f6ss\u00e9gi t\u00e9rr\u00e9 var\u00e1zsoljuk. [&hellip;]\" \/>\n<meta property=\"og:url\" content=\"https:\/\/muzeumvac.hu\/en\/2026\/03\/09\/tegyuk-egyutt-meg-baratsagosabba-a-tragor-ignac-muzeum-kertjet\/\" \/>\n<meta property=\"og:site_name\" content=\"TRAGOR IGN\u00c1C M\u00daZEUM \u2022 V\u00c1C\" \/>\n<meta property=\"article:publisher\" content=\"https:\/\/www.facebook.com\/vac.tragorignacmuzeum\" \/>\n<meta property=\"article:author\" content=\"https:\/\/www.facebook.com\/vac.tragorignacmuzeum\" \/>\n<meta property=\"article:published_time\" content=\"2026-03-09T14:50:56+00:00\" \/>\n<meta property=\"article:modified_time\" content=\"2026-03-09T14:52:38+00:00\" \/>\n<meta property=\"og:image\" content=\"https:\/\/muzeumvac.hu\/wp-content\/uploads\/2026\/03\/Tamogassa-on-is-adoja-1-anak-felajanlasaval-a-Tragor-Ignac-Muzeumot-1.jpg\" \/>\n\t<meta property=\"og:image:width\" content=\"940\" \/>\n\t<meta property=\"og:image:height\" content=\"788\" \/>\n\t<meta property=\"og:image:type\" content=\"image\/jpeg\" \/>\n<meta name=\"author\" content=\"admin\" \/>\n<meta name=\"twitter:card\" content=\"summary_large_image\" \/>\n<meta name=\"twitter:label1\" content=\"Written by\" \/>\n\t<meta name=\"twitter:data1\" content=\"admin\" \/>\n\t<meta name=\"twitter:label2\" content=\"Estimated reading time\" \/>\n\t<meta name=\"twitter:data2\" content=\"1 minute\" \/>\n<script type=\"application\/ld+json\" class=\"yoast-schema-graph\">{\"@context\":\"https:\\\/\\\/schema.org\",\"@graph\":[{\"@type\":\"Article\",\"@id\":\"https:\\\/\\\/muzeumvac.hu\\\/2026\\\/03\\\/09\\\/tegyuk-egyutt-meg-baratsagosabba-a-tragor-ignac-muzeum-kertjet\\\/#article\",\"isPartOf\":{\"@id\":\"https:\\\/\\\/muzeumvac.hu\\\/2026\\\/03\\\/09\\\/tegyuk-egyutt-meg-baratsagosabba-a-tragor-ignac-muzeum-kertjet\\\/\"},\"author\":{\"name\":\"admin\",\"@id\":\"https:\\\/\\\/muzeumvac.hu\\\/#\\\/schema\\\/person\\\/d73a673bd1111e355bb9238b14da25f8\"},\"headline\":\"Tegy\u00fck egy\u00fctt m\u00e9g bar\u00e1ts\u00e1gosabb\u00e1 a Tragor Ign\u00e1c M\u00fazeum kertj\u00e9t!\",\"datePublished\":\"2026-03-09T14:50:56+00:00\",\"dateModified\":\"2026-03-09T14:52:38+00:00\",\"mainEntityOfPage\":{\"@id\":\"https:\\\/\\\/muzeumvac.hu\\\/2026\\\/03\\\/09\\\/tegyuk-egyutt-meg-baratsagosabba-a-tragor-ignac-muzeum-kertjet\\\/\"},\"wordCount\":276,\"publisher\":{\"@id\":\"https:\\\/\\\/muzeumvac.hu\\\/#organization\"},\"image\":{\"@id\":\"https:\\\/\\\/muzeumvac.hu\\\/2026\\\/03\\\/09\\\/tegyuk-egyutt-meg-baratsagosabba-a-tragor-ignac-muzeum-kertjet\\\/#primaryimage\"},\"thumbnailUrl\":\"https:\\\/\\\/muzeumvac.hu\\\/wp-content\\\/uploads\\\/2026\\\/03\\\/Tamogassa-on-is-adoja-1-anak-felajanlasaval-a-Tragor-Ignac-Muzeumot-1.jpg\",\"articleSection\":[\"H\u00edrek\"],\"inLanguage\":\"en-GB\"},{\"@type\":\"WebPage\",\"@id\":\"https:\\\/\\\/muzeumvac.hu\\\/2026\\\/03\\\/09\\\/tegyuk-egyutt-meg-baratsagosabba-a-tragor-ignac-muzeum-kertjet\\\/\",\"url\":\"https:\\\/\\\/muzeumvac.hu\\\/2026\\\/03\\\/09\\\/tegyuk-egyutt-meg-baratsagosabba-a-tragor-ignac-muzeum-kertjet\\\/\",\"name\":\"Tegy\u00fck egy\u00fctt m\u00e9g bar\u00e1ts\u00e1gosabb\u00e1 a Tragor Ign\u00e1c M\u00fazeum kertj\u00e9t! - TRAGOR IGN\u00c1C M\u00daZEUM \u2022 V\u00c1C\",\"isPartOf\":{\"@id\":\"https:\\\/\\\/muzeumvac.hu\\\/#website\"},\"primaryImageOfPage\":{\"@id\":\"https:\\\/\\\/muzeumvac.hu\\\/2026\\\/03\\\/09\\\/tegyuk-egyutt-meg-baratsagosabba-a-tragor-ignac-muzeum-kertjet\\\/#primaryimage\"},\"image\":{\"@id\":\"https:\\\/\\\/muzeumvac.hu\\\/2026\\\/03\\\/09\\\/tegyuk-egyutt-meg-baratsagosabba-a-tragor-ignac-muzeum-kertjet\\\/#primaryimage\"},\"thumbnailUrl\":\"https:\\\/\\\/muzeumvac.hu\\\/wp-content\\\/uploads\\\/2026\\\/03\\\/Tamogassa-on-is-adoja-1-anak-felajanlasaval-a-Tragor-Ignac-Muzeumot-1.jpg\",\"datePublished\":\"2026-03-09T14:50:56+00:00\",\"dateModified\":\"2026-03-09T14:52:38+00:00\",\"breadcrumb\":{\"@id\":\"https:\\\/\\\/muzeumvac.hu\\\/2026\\\/03\\\/09\\\/tegyuk-egyutt-meg-baratsagosabba-a-tragor-ignac-muzeum-kertjet\\\/#breadcrumb\"},\"inLanguage\":\"en-GB\",\"potentialAction\":[{\"@type\":\"ReadAction\",\"target\":[\"https:\\\/\\\/muzeumvac.hu\\\/2026\\\/03\\\/09\\\/tegyuk-egyutt-meg-baratsagosabba-a-tragor-ignac-muzeum-kertjet\\\/\"]}]},{\"@type\":\"ImageObject\",\"inLanguage\":\"en-GB\",\"@id\":\"https:\\\/\\\/muzeumvac.hu\\\/2026\\\/03\\\/09\\\/tegyuk-egyutt-meg-baratsagosabba-a-tragor-ignac-muzeum-kertjet\\\/#primaryimage\",\"url\":\"https:\\\/\\\/muzeumvac.hu\\\/wp-content\\\/uploads\\\/2026\\\/03\\\/Tamogassa-on-is-adoja-1-anak-felajanlasaval-a-Tragor-Ignac-Muzeumot-1.jpg\",\"contentUrl\":\"https:\\\/\\\/muzeumvac.hu\\\/wp-content\\\/uploads\\\/2026\\\/03\\\/Tamogassa-on-is-adoja-1-anak-felajanlasaval-a-Tragor-Ignac-Muzeumot-1.jpg\",\"width\":940,\"height\":788},{\"@type\":\"BreadcrumbList\",\"@id\":\"https:\\\/\\\/muzeumvac.hu\\\/2026\\\/03\\\/09\\\/tegyuk-egyutt-meg-baratsagosabba-a-tragor-ignac-muzeum-kertjet\\\/#breadcrumb\",\"itemListElement\":[{\"@type\":\"ListItem\",\"position\":1,\"name\":\"Kezd\u0151lap\",\"item\":\"https:\\\/\\\/muzeumvac.hu\\\/\"},{\"@type\":\"ListItem\",\"position\":2,\"name\":\"Tegy\u00fck egy\u00fctt m\u00e9g bar\u00e1ts\u00e1gosabb\u00e1 a Tragor Ign\u00e1c M\u00fazeum kertj\u00e9t!\"}]},{\"@type\":\"WebSite\",\"@id\":\"https:\\\/\\\/muzeumvac.hu\\\/#website\",\"url\":\"https:\\\/\\\/muzeumvac.hu\\\/\",\"name\":\"TRAGOR IGN\u00c1C M\u00daZEUM \u2022 V\u00c1C\",\"description\":\"Egy m\u00fazeum, ezer \u00e9lm\u00e9ny!\",\"publisher\":{\"@id\":\"https:\\\/\\\/muzeumvac.hu\\\/#organization\"},\"potentialAction\":[{\"@type\":\"SearchAction\",\"target\":{\"@type\":\"EntryPoint\",\"urlTemplate\":\"https:\\\/\\\/muzeumvac.hu\\\/?s={search_term_string}\"},\"query-input\":{\"@type\":\"PropertyValueSpecification\",\"valueRequired\":true,\"valueName\":\"search_term_string\"}}],\"inLanguage\":\"en-GB\"},{\"@type\":\"Organization\",\"@id\":\"https:\\\/\\\/muzeumvac.hu\\\/#organization\",\"name\":\"TRAGOR IGN\u00c1C M\u00daZEUM \u2022 V\u00c1C\",\"url\":\"https:\\\/\\\/muzeumvac.hu\\\/\",\"logo\":{\"@type\":\"ImageObject\",\"inLanguage\":\"en-GB\",\"@id\":\"https:\\\/\\\/muzeumvac.hu\\\/#\\\/schema\\\/logo\\\/image\\\/\",\"url\":\"https:\\\/\\\/muzeumvac.hu\\\/wp-content\\\/uploads\\\/2025\\\/07\\\/tragor_ignac_logo.png\",\"contentUrl\":\"https:\\\/\\\/muzeumvac.hu\\\/wp-content\\\/uploads\\\/2025\\\/07\\\/tragor_ignac_logo.png\",\"width\":161,\"height\":126,\"caption\":\"TRAGOR IGN\u00c1C M\u00daZEUM \u2022 V\u00c1C\"},\"image\":{\"@id\":\"https:\\\/\\\/muzeumvac.hu\\\/#\\\/schema\\\/logo\\\/image\\\/\"},\"sameAs\":[\"https:\\\/\\\/www.facebook.com\\\/vac.tragorignacmuzeum\",\"https:\\\/\\\/www.instagram.com\\\/tragormuzeum\",\"https:\\\/\\\/www.youtube.com\\\/@TragorIgncMzeum-vac\"]},{\"@type\":\"Person\",\"@id\":\"https:\\\/\\\/muzeumvac.hu\\\/#\\\/schema\\\/person\\\/d73a673bd1111e355bb9238b14da25f8\",\"name\":\"admin\",\"image\":{\"@type\":\"ImageObject\",\"inLanguage\":\"en-GB\",\"@id\":\"https:\\\/\\\/secure.gravatar.com\\\/avatar\\\/f042f400508ccd1a90b1abecbe9864eeb9652d40ebbc2eb2d0b6da4fb1d33d61?s=96&d=mm&r=g\",\"url\":\"https:\\\/\\\/secure.gravatar.com\\\/avatar\\\/f042f400508ccd1a90b1abecbe9864eeb9652d40ebbc2eb2d0b6da4fb1d33d61?s=96&d=mm&r=g\",\"contentUrl\":\"https:\\\/\\\/secure.gravatar.com\\\/avatar\\\/f042f400508ccd1a90b1abecbe9864eeb9652d40ebbc2eb2d0b6da4fb1d33d61?s=96&d=mm&r=g\",\"caption\":\"admin\"},\"sameAs\":[\"https:\\\/\\\/muzeumvac.hu\",\"https:\\\/\\\/www.facebook.com\\\/vac.tragorignacmuzeum\",\"https:\\\/\\\/www.youtube.com\\\/@TragorIgn\u00e1cM\u00fazeum-vac\"],\"url\":\"https:\\\/\\\/muzeumvac.hu\\\/en\\\/author\\\/admin\\\/\"}]}<\/script>\n<!-- \/ Yoast SEO Premium plugin. -->","yoast_head_json":{"title":"Tegy\u00fck egy\u00fctt m\u00e9g bar\u00e1ts\u00e1gosabb\u00e1 a Tragor Ign\u00e1c M\u00fazeum kertj\u00e9t! - TRAGOR IGN\u00c1C M\u00daZEUM \u2022 V\u00c1C","robots":{"index":"index","follow":"follow","max-snippet":"max-snippet:-1","max-image-preview":"max-image-preview:large","max-video-preview":"max-video-preview:-1"},"canonical":"https:\/\/muzeumvac.hu\/en\/2026\/03\/09\/tegyuk-egyutt-meg-baratsagosabba-a-tragor-ignac-muzeum-kertjet\/","og_locale":"en_GB","og_type":"article","og_title":"Tegy\u00fck egy\u00fctt m\u00e9g bar\u00e1ts\u00e1gosabb\u00e1 a Tragor Ign\u00e1c M\u00fazeum kertj\u00e9t!","og_description":"Tisztelt L\u00e1togat\u00f3ink! &nbsp; Arra k\u00e9rj\u00fck \u00d6n\u00f6ket, hogy ad\u00f3juk 1 %-\u00e1nak felaj\u00e1nl\u00e1s\u00e1val v\u00e1ljanak r\u00e9szeseiv\u00e9 egy k\u00fcl\u00f6nleges fejleszt\u00e9snek. C\u00e9lunk, hogy a m\u00fazeumudvarunkat \u00e9s ker\u00fcnket m\u00e9g h\u00edvogat\u00f3bb, z\u00f6ldebb \u00e9s k\u00e9nyelmesebb k\u00f6z\u00f6ss\u00e9gi t\u00e9rr\u00e9 var\u00e1zsoljuk. [&hellip;]","og_url":"https:\/\/muzeumvac.hu\/en\/2026\/03\/09\/tegyuk-egyutt-meg-baratsagosabba-a-tragor-ignac-muzeum-kertjet\/","og_site_name":"TRAGOR IGN\u00c1C M\u00daZEUM \u2022 V\u00c1C","article_publisher":"https:\/\/www.facebook.com\/vac.tragorignacmuzeum","article_author":"https:\/\/www.facebook.com\/vac.tragorignacmuzeum","article_published_time":"2026-03-09T14:50:56+00:00","article_modified_time":"2026-03-09T14:52:38+00:00","og_image":[{"width":940,"height":788,"url":"https:\/\/muzeumvac.hu\/wp-content\/uploads\/2026\/03\/Tamogassa-on-is-adoja-1-anak-felajanlasaval-a-Tragor-Ignac-Muzeumot-1.jpg","type":"image\/jpeg"}],"author":"admin","twitter_card":"summary_large_image","twitter_misc":{"Written by":"admin","Estimated reading time":"1 minute"},"schema":{"@context":"https:\/\/schema.org","@graph":[{"@type":"Article","@id":"https:\/\/muzeumvac.hu\/2026\/03\/09\/tegyuk-egyutt-meg-baratsagosabba-a-tragor-ignac-muzeum-kertjet\/#article","isPartOf":{"@id":"https:\/\/muzeumvac.hu\/2026\/03\/09\/tegyuk-egyutt-meg-baratsagosabba-a-tragor-ignac-muzeum-kertjet\/"},"author":{"name":"admin","@id":"https:\/\/muzeumvac.hu\/#\/schema\/person\/d73a673bd1111e355bb9238b14da25f8"},"headline":"Tegy\u00fck egy\u00fctt m\u00e9g bar\u00e1ts\u00e1gosabb\u00e1 a Tragor Ign\u00e1c M\u00fazeum kertj\u00e9t!","datePublished":"2026-03-09T14:50:56+00:00","dateModified":"2026-03-09T14:52:38+00:00","mainEntityOfPage":{"@id":"https:\/\/muzeumvac.hu\/2026\/03\/09\/tegyuk-egyutt-meg-baratsagosabba-a-tragor-ignac-muzeum-kertjet\/"},"wordCount":276,"publisher":{"@id":"https:\/\/muzeumvac.hu\/#organization"},"image":{"@id":"https:\/\/muzeumvac.hu\/2026\/03\/09\/tegyuk-egyutt-meg-baratsagosabba-a-tragor-ignac-muzeum-kertjet\/#primaryimage"},"thumbnailUrl":"https:\/\/muzeumvac.hu\/wp-content\/uploads\/2026\/03\/Tamogassa-on-is-adoja-1-anak-felajanlasaval-a-Tragor-Ignac-Muzeumot-1.jpg","articleSection":["H\u00edrek"],"inLanguage":"en-GB"},{"@type":"WebPage","@id":"https:\/\/muzeumvac.hu\/2026\/03\/09\/tegyuk-egyutt-meg-baratsagosabba-a-tragor-ignac-muzeum-kertjet\/","url":"https:\/\/muzeumvac.hu\/2026\/03\/09\/tegyuk-egyutt-meg-baratsagosabba-a-tragor-ignac-muzeum-kertjet\/","name":"Tegy\u00fck egy\u00fctt m\u00e9g bar\u00e1ts\u00e1gosabb\u00e1 a Tragor Ign\u00e1c M\u00fazeum kertj\u00e9t! - TRAGOR IGN\u00c1C M\u00daZEUM \u2022 V\u00c1C","isPartOf":{"@id":"https:\/\/muzeumvac.hu\/#website"},"primaryImageOfPage":{"@id":"https:\/\/muzeumvac.hu\/2026\/03\/09\/tegyuk-egyutt-meg-baratsagosabba-a-tragor-ignac-muzeum-kertjet\/#primaryimage"},"image":{"@id":"https:\/\/muzeumvac.hu\/2026\/03\/09\/tegyuk-egyutt-meg-baratsagosabba-a-tragor-ignac-muzeum-kertjet\/#primaryimage"},"thumbnailUrl":"https:\/\/muzeumvac.hu\/wp-content\/uploads\/2026\/03\/Tamogassa-on-is-adoja-1-anak-felajanlasaval-a-Tragor-Ignac-Muzeumot-1.jpg","datePublished":"2026-03-09T14:50:56+00:00","dateModified":"2026-03-09T14:52:38+00:00","breadcrumb":{"@id":"https:\/\/muzeumvac.hu\/2026\/03\/09\/tegyuk-egyutt-meg-baratsagosabba-a-tragor-ignac-muzeum-kertjet\/#breadcrumb"},"inLanguage":"en-GB","potentialAction":[{"@type":"ReadAction","target":["https:\/\/muzeumvac.hu\/2026\/03\/09\/tegyuk-egyutt-meg-baratsagosabba-a-tragor-ignac-muzeum-kertjet\/"]}]},{"@type":"ImageObject","inLanguage":"en-GB","@id":"https:\/\/muzeumvac.hu\/2026\/03\/09\/tegyuk-egyutt-meg-baratsagosabba-a-tragor-ignac-muzeum-kertjet\/#primaryimage","url":"https:\/\/muzeumvac.hu\/wp-content\/uploads\/2026\/03\/Tamogassa-on-is-adoja-1-anak-felajanlasaval-a-Tragor-Ignac-Muzeumot-1.jpg","contentUrl":"https:\/\/muzeumvac.hu\/wp-content\/uploads\/2026\/03\/Tamogassa-on-is-adoja-1-anak-felajanlasaval-a-Tragor-Ignac-Muzeumot-1.jpg","width":940,"height":788},{"@type":"BreadcrumbList","@id":"https:\/\/muzeumvac.hu\/2026\/03\/09\/tegyuk-egyutt-meg-baratsagosabba-a-tragor-ignac-muzeum-kertjet\/#breadcrumb","itemListElement":[{"@type":"ListItem","position":1,"name":"Kezd\u0151lap","item":"https:\/\/muzeumvac.hu\/"},{"@type":"ListItem","position":2,"name":"Tegy\u00fck egy\u00fctt m\u00e9g bar\u00e1ts\u00e1gosabb\u00e1 a Tragor Ign\u00e1c M\u00fazeum kertj\u00e9t!"}]},{"@type":"WebSite","@id":"https:\/\/muzeumvac.hu\/#website","url":"https:\/\/muzeumvac.hu\/","name":"TRAGOR IGN\u00c1C M\u00daZEUM \u2022 V\u00c1C","description":"One museum, a thousand experiences!","publisher":{"@id":"https:\/\/muzeumvac.hu\/#organization"},"potentialAction":[{"@type":"SearchAction","target":{"@type":"EntryPoint","urlTemplate":"https:\/\/muzeumvac.hu\/?s={search_term_string}"},"query-input":{"@type":"PropertyValueSpecification","valueRequired":true,"valueName":"search_term_string"}}],"inLanguage":"en-GB"},{"@type":"Organization","@id":"https:\/\/muzeumvac.hu\/#organization","name":"TRAGOR IGN\u00c1C M\u00daZEUM \u2022 V\u00c1C","url":"https:\/\/muzeumvac.hu\/","logo":{"@type":"ImageObject","inLanguage":"en-GB","@id":"https:\/\/muzeumvac.hu\/#\/schema\/logo\/image\/","url":"https:\/\/muzeumvac.hu\/wp-content\/uploads\/2025\/07\/tragor_ignac_logo.png","contentUrl":"https:\/\/muzeumvac.hu\/wp-content\/uploads\/2025\/07\/tragor_ignac_logo.png","width":161,"height":126,"caption":"TRAGOR IGN\u00c1C M\u00daZEUM \u2022 V\u00c1C"},"image":{"@id":"https:\/\/muzeumvac.hu\/#\/schema\/logo\/image\/"},"sameAs":["https:\/\/www.facebook.com\/vac.tragorignacmuzeum","https:\/\/www.instagram.com\/tragormuzeum","https:\/\/www.youtube.com\/@TragorIgncMzeum-vac"]},{"@type":"Person","@id":"https:\/\/muzeumvac.hu\/#\/schema\/person\/d73a673bd1111e355bb9238b14da25f8","name":"admin","image":{"@type":"ImageObject","inLanguage":"en-GB","@id":"https:\/\/secure.gravatar.com\/avatar\/f042f400508ccd1a90b1abecbe9864eeb9652d40ebbc2eb2d0b6da4fb1d33d61?s=96&d=mm&r=g","url":"https:\/\/secure.gravatar.com\/avatar\/f042f400508ccd1a90b1abecbe9864eeb9652d40ebbc2eb2d0b6da4fb1d33d61?s=96&d=mm&r=g","contentUrl":"https:\/\/secure.gravatar.com\/avatar\/f042f400508ccd1a90b1abecbe9864eeb9652d40ebbc2eb2d0b6da4fb1d33d61?s=96&d=mm&r=g","caption":"admin"},"sameAs":["https:\/\/muzeumvac.hu","https:\/\/www.facebook.com\/vac.tragorignacmuzeum","https:\/\/www.youtube.com\/@TragorIgn\u00e1cM\u00fazeum-vac"],"url":"https:\/\/muzeumvac.hu\/en\/author\/admin\/"}]}},"_links":{"self":[{"href":"https:\/\/muzeumvac.hu\/en\/wp-json\/wp\/v2\/posts\/6031","targetHints":{"allow":["GET"]}}],"collection":[{"href":"https:\/\/muzeumvac.hu\/en\/wp-json\/wp\/v2\/posts"}],"about":[{"href":"https:\/\/muzeumvac.hu\/en\/wp-json\/wp\/v2\/types\/post"}],"author":[{"embeddable":true,"href":"https:\/\/muzeumvac.hu\/en\/wp-json\/wp\/v2\/users\/1"}],"replies":[{"embeddable":true,"href":"https:\/\/muzeumvac.hu\/en\/wp-json\/wp\/v2\/comments?post=6031"}],"version-history":[{"count":3,"href":"https:\/\/muzeumvac.hu\/en\/wp-json\/wp\/v2\/posts\/6031\/revisions"}],"predecessor-version":[{"id":6038,"href":"https:\/\/muzeumvac.hu\/en\/wp-json\/wp\/v2\/posts\/6031\/revisions\/6038"}],"wp:featuredmedia":[{"embeddable":true,"href":"https:\/\/muzeumvac.hu\/en\/wp-json\/wp\/v2\/media\/6035"}],"wp:attachment":[{"href":"https:\/\/muzeumvac.hu\/en\/wp-json\/wp\/v2\/media?parent=6031"}],"wp:term":[{"taxonomy":"category","embeddable":true,"href":"https:\/\/muzeumvac.hu\/en\/wp-json\/wp\/v2\/categories?post=6031"},{"taxonomy":"post_tag","embeddable":true,"href":"https:\/\/muzeumvac.hu\/en\/wp-json\/wp\/v2\/tags?post=6031"}],"curies":[{"name":"wp","href":"https:\/\/api.w.org\/{rel}","templated":true}]}}