{"id":5958,"date":"2026-03-03T16:22:52","date_gmt":"2026-03-03T15:22:52","guid":{"rendered":"https:\/\/muzeumvac.hu\/?p=5958"},"modified":"2026-03-11T16:23:45","modified_gmt":"2026-03-11T15:23:45","slug":"a-honap-mutargya-hincz-gyula-vilaganatomia1974-200-x-120-cm-olaj-vaszon","status":"publish","type":"post","link":"https:\/\/muzeumvac.hu\/en\/2026\/03\/03\/a-honap-mutargya-hincz-gyula-vilaganatomia1974-200-x-120-cm-olaj-vaszon\/","title":{"rendered":"A H\u00f3nap m\u0171t\u00e1rgya &#8211; Hincz Gyula: Vil\u00e1ganat\u00f3mia,1974, 200 x 120 cm, olaj, v\u00e1szon"},"content":{"rendered":"<p>[et_pb_section fb_built=&#8221;1&#8243; _builder_version=&#8221;4.27.5&#8243; _module_preset=&#8221;default&#8221; global_colors_info=&#8221;{}&#8221;][et_pb_row _builder_version=&#8221;4.27.5&#8243; _module_preset=&#8221;default&#8221; global_colors_info=&#8221;{}&#8221;][et_pb_column type=&#8221;4_4&#8243; _builder_version=&#8221;4.27.5&#8243; _module_preset=&#8221;default&#8221; global_colors_info=&#8221;{}&#8221;][et_pb_text _builder_version=&#8221;4.27.5&#8243; _module_preset=&#8221;default&#8221; global_colors_info=&#8221;{}&#8221;]<\/p>\n<div class=\"xdj266r x14z9mp xat24cr x1lziwak x1vvkbs x126k92a\">\n<div dir=\"auto\">TIM 130 &#8211; A h\u00f3nap m\u0171t\u00e1rgya<\/div>\n<div dir=\"auto\"><\/div>\n<\/div>\n<div class=\"x14z9mp xat24cr x1lziwak x1vvkbs xtlvy1s x126k92a\">\n<div dir=\"auto\">Hincz Gyula (1904- 1986) k\u00e9tszeres Kossuth- \u00e9s Munk\u00e1csy d\u00edjas grafikus-, fest\u0151- \u00e9s iparm\u0171v\u00e9sz v\u00e1ci gy\u0171jtem\u00e9ny\u00e9t maga a m\u0171v\u00e9sz alapozta meg, amikor 1980-ban k\u00f6zel 150 alkot\u00e1st adom\u00e1nyozott a v\u00e1rosnak. Hal\u00e1la ut\u00e1n \u00f6r\u00f6k\u00f6seinek k\u00f6zrem\u0171k\u00f6d\u00e9s\u00e9vel a kollekci\u00f3 m\u00e9g t\u00f6bb sz\u00e1z grafik\u00e1val, festm\u00e9nnyel, sz\u00ednpadtervvel \u00e9s kisplasztik\u00e1val b\u0151v\u00fclt, \u00edgy m\u00e1ra mintegy 1700 t\u00e9telt tartalmaz. Ebben olyan emblematikus alkot\u00e1sok tal\u00e1lhat\u00f3ak meg, amelyek Hincz v\u00e1ltozatos \u00e9letm\u0171v\u00e9nek egy-egy jelent\u0151sebb st\u00edluskorszak\u00e1t f\u00e9mjelzik.<\/div>\n<div dir=\"auto\">A p\u00e1ratlan gy\u0171jtem\u00e9nyb\u0151l most egy k\u00e9sei, \u00f6sszefoglal\u00f3 korszakb\u00f3l sz\u00e1rmaz\u00f3 festm\u00e9nyt mutatunk be, amely egy\u00fattal j\u00f3l t\u00fckr\u00f6zi a teoretikus m\u0171v\u00e9szeti \u00edr\u00e1sokat is k\u00f6zread\u00f3 Hincz elgondol\u00e1s\u00e1t, miszerint a m\u0171v\u00e9szet k\u00e9pes a l\u00e9tez\u00e9s alapstrukt\u00far\u00e1it felt\u00e1rni \u00e9s vil\u00e1gra vonatkoz\u00f3 ismereteinket \u00f6sszegezni. A vil\u00e1ganat\u00f3mia c\u00edm\u0171 m\u0171v\u00e9ben, ennek a szint\u00e9zisre t\u00f6rekv\u0151 l\u00e1t\u00e1sm\u00f3dnak egyik besz\u00e9des p\u00e9ld\u00e1j\u00e1t l\u00e1tjuk, ahol az emberi test bonyolult anat\u00f3miai val\u00f3s\u00e1ga, \u00e9s a vil\u00e1gegyetem atomiz\u00e1lt r\u00e9szecsk\u00e9i egyetlen monument\u00e1lis t\u00e9rben s\u0171r\u0171s\u00f6dnek \u00f6ssze, mintha a mikro- \u00e9s makrokozmosz egyes\u00fcl\u00e9s\u00e9nek lenn\u00e9nk tan\u00fai. A dinamikus kompoz\u00edci\u00f3ban \u2013 Hinczre jellemz\u0151 m\u00f3don &#8211; a geometrikus \u00e9s a biomorf form\u00e1k egy\u00fcttesen vannak jelen, mik\u00f6zben j\u00e1t\u00e9kos p\u00e1rbesz\u00e9dbe l\u00e9pnek egym\u00e1ssal, l\u00e9trehozva egy olyan k\u00fcl\u00f6nleges, vizion\u00e1rius dimenzi\u00f3t, amelyben a mechanikus szerkezeti elemek \u00e9s az archaikus szimb\u00f3lumok (szem, vir\u00e1g, k\u00f6r) egy k\u00f6z\u00f6s strukt\u00far\u00e1ban \u00e9lednek \u00fajj\u00e1. Ezt a dekorat\u00edv, \u00e9l\u00e9nk sz\u00ednekben vibr\u00e1l\u00f3 absztrah\u00e1l\u00f3 st\u00edlusvil\u00e1got, amely a 20. sz\u00e1zadi eur\u00f3pai izmusok egyedi szint\u00e9zis\u00e9b\u0151l sz\u00fcletett, Hincz tal\u00e1l\u00f3an \u201eam\u0151baizmusnak\u201d nevezte el.<\/div>\n<div dir=\"auto\"><\/div>\n<div dir=\"auto\"><\/div>\n<div dir=\"auto\"><\/div>\n<div dir=\"auto\"><\/div>\n<div dir=\"auto\"><\/div>\n<div dir=\"auto\"><\/div>\n<\/div>\n<div class=\"x14z9mp xat24cr x1lziwak x1vvkbs xtlvy1s x126k92a\">\n<div dir=\"auto\">Hincz Gyula: Vil\u00e1ganat\u00f3mia,1974, 200 x 120 cm, olaj, v\u00e1szon<\/div>\n<\/div>\n<p>[\/et_pb_text][et_pb_image src=&#8221;https:\/\/muzeumvac.hu\/wp-content\/uploads\/2026\/03\/Hincz-1.jpg&#8221; _builder_version=&#8221;4.27.6&#8243; _module_preset=&#8221;default&#8221; title_text=&#8221;Hincz (1)&#8221; hover_enabled=&#8221;0&#8243; sticky_enabled=&#8221;0&#8243;][\/et_pb_image][\/et_pb_column][\/et_pb_row][\/et_pb_section]<\/p>\n","protected":false},"excerpt":{"rendered":"<p>TIM 130 &#8211; A h\u00f3nap m\u0171t\u00e1rgya Hincz Gyula (1904- 1986) k\u00e9tszeres Kossuth- \u00e9s Munk\u00e1csy d\u00edjas grafikus-, fest\u0151- \u00e9s iparm\u0171v\u00e9sz v\u00e1ci gy\u0171jtem\u00e9ny\u00e9t maga a m\u0171v\u00e9sz alapozta meg, amikor 1980-ban k\u00f6zel 150 [&hellip;]<\/p>\n","protected":false},"author":1,"featured_media":5962,"comment_status":"closed","ping_status":"closed","sticky":false,"template":"","format":"standard","meta":{"_et_pb_use_builder":"on","_et_pb_old_content":"","_et_gb_content_width":"","footnotes":""},"categories":[7],"tags":[],"class_list":["post-5958","post","type-post","status-publish","format-standard","has-post-thumbnail","hentry","category-blog"],"yoast_head":"<!-- This site is optimized with the Yoast SEO Premium plugin v27.4 (Yoast SEO v27.5) - https:\/\/yoast.com\/product\/yoast-seo-premium-wordpress\/ -->\n<title>A H\u00f3nap m\u0171t\u00e1rgya - Hincz Gyula: Vil\u00e1ganat\u00f3mia,1974, 200 x 120 cm, olaj, v\u00e1szon - TRAGOR IGN\u00c1C M\u00daZEUM \u2022 V\u00c1C<\/title>\n<meta name=\"robots\" content=\"index, follow, max-snippet:-1, max-image-preview:large, max-video-preview:-1\" \/>\n<link rel=\"canonical\" href=\"https:\/\/muzeumvac.hu\/en\/2026\/03\/03\/a-honap-mutargya-hincz-gyula-vilaganatomia1974-200-x-120-cm-olaj-vaszon\/\" \/>\n<meta property=\"og:locale\" content=\"en_GB\" \/>\n<meta property=\"og:type\" content=\"article\" \/>\n<meta property=\"og:title\" content=\"A H\u00f3nap m\u0171t\u00e1rgya - Hincz Gyula: Vil\u00e1ganat\u00f3mia,1974, 200 x 120 cm, olaj, v\u00e1szon\" \/>\n<meta property=\"og:description\" content=\"TIM 130 - A h\u00f3nap m\u0171t\u00e1rgya Hincz Gyula (1904- 1986) k\u00e9tszeres Kossuth- \u00e9s Munk\u00e1csy d\u00edjas grafikus-, fest\u0151- \u00e9s iparm\u0171v\u00e9sz v\u00e1ci gy\u0171jtem\u00e9ny\u00e9t maga a m\u0171v\u00e9sz alapozta meg, amikor 1980-ban k\u00f6zel 150 [&hellip;]\" \/>\n<meta property=\"og:url\" content=\"https:\/\/muzeumvac.hu\/en\/2026\/03\/03\/a-honap-mutargya-hincz-gyula-vilaganatomia1974-200-x-120-cm-olaj-vaszon\/\" \/>\n<meta property=\"og:site_name\" content=\"TRAGOR IGN\u00c1C M\u00daZEUM \u2022 V\u00c1C\" \/>\n<meta property=\"article:publisher\" content=\"https:\/\/www.facebook.com\/vac.tragorignacmuzeum\" \/>\n<meta property=\"article:author\" content=\"https:\/\/www.facebook.com\/vac.tragorignacmuzeum\" \/>\n<meta property=\"article:published_time\" content=\"2026-03-03T15:22:52+00:00\" \/>\n<meta property=\"article:modified_time\" content=\"2026-03-11T15:23:45+00:00\" \/>\n<meta property=\"og:image\" content=\"https:\/\/muzeumvac.hu\/wp-content\/uploads\/2026\/03\/Hincz-1.jpg\" \/>\n\t<meta property=\"og:image:width\" content=\"1410\" \/>\n\t<meta property=\"og:image:height\" content=\"2000\" \/>\n\t<meta property=\"og:image:type\" content=\"image\/jpeg\" \/>\n<meta name=\"author\" content=\"admin\" \/>\n<meta name=\"twitter:card\" content=\"summary_large_image\" \/>\n<meta name=\"twitter:label1\" content=\"Written by\" \/>\n\t<meta name=\"twitter:data1\" content=\"admin\" \/>\n\t<meta name=\"twitter:label2\" content=\"Estimated reading time\" \/>\n\t<meta name=\"twitter:data2\" content=\"2 minutes\" \/>\n<script type=\"application\/ld+json\" class=\"yoast-schema-graph\">{\"@context\":\"https:\\\/\\\/schema.org\",\"@graph\":[{\"@type\":\"Article\",\"@id\":\"https:\\\/\\\/muzeumvac.hu\\\/2026\\\/03\\\/03\\\/a-honap-mutargya-hincz-gyula-vilaganatomia1974-200-x-120-cm-olaj-vaszon\\\/#article\",\"isPartOf\":{\"@id\":\"https:\\\/\\\/muzeumvac.hu\\\/2026\\\/03\\\/03\\\/a-honap-mutargya-hincz-gyula-vilaganatomia1974-200-x-120-cm-olaj-vaszon\\\/\"},\"author\":{\"name\":\"admin\",\"@id\":\"https:\\\/\\\/muzeumvac.hu\\\/#\\\/schema\\\/person\\\/d73a673bd1111e355bb9238b14da25f8\"},\"headline\":\"A H\u00f3nap m\u0171t\u00e1rgya &#8211; Hincz Gyula: Vil\u00e1ganat\u00f3mia,1974, 200 x 120 cm, olaj, v\u00e1szon\",\"datePublished\":\"2026-03-03T15:22:52+00:00\",\"dateModified\":\"2026-03-11T15:23:45+00:00\",\"mainEntityOfPage\":{\"@id\":\"https:\\\/\\\/muzeumvac.hu\\\/2026\\\/03\\\/03\\\/a-honap-mutargya-hincz-gyula-vilaganatomia1974-200-x-120-cm-olaj-vaszon\\\/\"},\"wordCount\":465,\"publisher\":{\"@id\":\"https:\\\/\\\/muzeumvac.hu\\\/#organization\"},\"image\":{\"@id\":\"https:\\\/\\\/muzeumvac.hu\\\/2026\\\/03\\\/03\\\/a-honap-mutargya-hincz-gyula-vilaganatomia1974-200-x-120-cm-olaj-vaszon\\\/#primaryimage\"},\"thumbnailUrl\":\"https:\\\/\\\/muzeumvac.hu\\\/wp-content\\\/uploads\\\/2026\\\/03\\\/Hincz-1.jpg\",\"articleSection\":[\"Blog\"],\"inLanguage\":\"en-GB\"},{\"@type\":\"WebPage\",\"@id\":\"https:\\\/\\\/muzeumvac.hu\\\/2026\\\/03\\\/03\\\/a-honap-mutargya-hincz-gyula-vilaganatomia1974-200-x-120-cm-olaj-vaszon\\\/\",\"url\":\"https:\\\/\\\/muzeumvac.hu\\\/2026\\\/03\\\/03\\\/a-honap-mutargya-hincz-gyula-vilaganatomia1974-200-x-120-cm-olaj-vaszon\\\/\",\"name\":\"A H\u00f3nap m\u0171t\u00e1rgya - Hincz Gyula: Vil\u00e1ganat\u00f3mia,1974, 200 x 120 cm, olaj, v\u00e1szon - TRAGOR IGN\u00c1C M\u00daZEUM \u2022 V\u00c1C\",\"isPartOf\":{\"@id\":\"https:\\\/\\\/muzeumvac.hu\\\/#website\"},\"primaryImageOfPage\":{\"@id\":\"https:\\\/\\\/muzeumvac.hu\\\/2026\\\/03\\\/03\\\/a-honap-mutargya-hincz-gyula-vilaganatomia1974-200-x-120-cm-olaj-vaszon\\\/#primaryimage\"},\"image\":{\"@id\":\"https:\\\/\\\/muzeumvac.hu\\\/2026\\\/03\\\/03\\\/a-honap-mutargya-hincz-gyula-vilaganatomia1974-200-x-120-cm-olaj-vaszon\\\/#primaryimage\"},\"thumbnailUrl\":\"https:\\\/\\\/muzeumvac.hu\\\/wp-content\\\/uploads\\\/2026\\\/03\\\/Hincz-1.jpg\",\"datePublished\":\"2026-03-03T15:22:52+00:00\",\"dateModified\":\"2026-03-11T15:23:45+00:00\",\"breadcrumb\":{\"@id\":\"https:\\\/\\\/muzeumvac.hu\\\/2026\\\/03\\\/03\\\/a-honap-mutargya-hincz-gyula-vilaganatomia1974-200-x-120-cm-olaj-vaszon\\\/#breadcrumb\"},\"inLanguage\":\"en-GB\",\"potentialAction\":[{\"@type\":\"ReadAction\",\"target\":[\"https:\\\/\\\/muzeumvac.hu\\\/2026\\\/03\\\/03\\\/a-honap-mutargya-hincz-gyula-vilaganatomia1974-200-x-120-cm-olaj-vaszon\\\/\"]}]},{\"@type\":\"ImageObject\",\"inLanguage\":\"en-GB\",\"@id\":\"https:\\\/\\\/muzeumvac.hu\\\/2026\\\/03\\\/03\\\/a-honap-mutargya-hincz-gyula-vilaganatomia1974-200-x-120-cm-olaj-vaszon\\\/#primaryimage\",\"url\":\"https:\\\/\\\/muzeumvac.hu\\\/wp-content\\\/uploads\\\/2026\\\/03\\\/Hincz-1.jpg\",\"contentUrl\":\"https:\\\/\\\/muzeumvac.hu\\\/wp-content\\\/uploads\\\/2026\\\/03\\\/Hincz-1.jpg\",\"width\":1410,\"height\":2000},{\"@type\":\"BreadcrumbList\",\"@id\":\"https:\\\/\\\/muzeumvac.hu\\\/2026\\\/03\\\/03\\\/a-honap-mutargya-hincz-gyula-vilaganatomia1974-200-x-120-cm-olaj-vaszon\\\/#breadcrumb\",\"itemListElement\":[{\"@type\":\"ListItem\",\"position\":1,\"name\":\"Kezd\u0151lap\",\"item\":\"https:\\\/\\\/muzeumvac.hu\\\/\"},{\"@type\":\"ListItem\",\"position\":2,\"name\":\"A H\u00f3nap m\u0171t\u00e1rgya &#8211; Hincz Gyula: Vil\u00e1ganat\u00f3mia,1974, 200 x 120 cm, olaj, v\u00e1szon\"}]},{\"@type\":\"WebSite\",\"@id\":\"https:\\\/\\\/muzeumvac.hu\\\/#website\",\"url\":\"https:\\\/\\\/muzeumvac.hu\\\/\",\"name\":\"TRAGOR IGN\u00c1C M\u00daZEUM \u2022 V\u00c1C\",\"description\":\"Egy m\u00fazeum, ezer \u00e9lm\u00e9ny!\",\"publisher\":{\"@id\":\"https:\\\/\\\/muzeumvac.hu\\\/#organization\"},\"potentialAction\":[{\"@type\":\"SearchAction\",\"target\":{\"@type\":\"EntryPoint\",\"urlTemplate\":\"https:\\\/\\\/muzeumvac.hu\\\/?s={search_term_string}\"},\"query-input\":{\"@type\":\"PropertyValueSpecification\",\"valueRequired\":true,\"valueName\":\"search_term_string\"}}],\"inLanguage\":\"en-GB\"},{\"@type\":\"Organization\",\"@id\":\"https:\\\/\\\/muzeumvac.hu\\\/#organization\",\"name\":\"TRAGOR IGN\u00c1C M\u00daZEUM \u2022 V\u00c1C\",\"url\":\"https:\\\/\\\/muzeumvac.hu\\\/\",\"logo\":{\"@type\":\"ImageObject\",\"inLanguage\":\"en-GB\",\"@id\":\"https:\\\/\\\/muzeumvac.hu\\\/#\\\/schema\\\/logo\\\/image\\\/\",\"url\":\"https:\\\/\\\/muzeumvac.hu\\\/wp-content\\\/uploads\\\/2025\\\/07\\\/tragor_ignac_logo.png\",\"contentUrl\":\"https:\\\/\\\/muzeumvac.hu\\\/wp-content\\\/uploads\\\/2025\\\/07\\\/tragor_ignac_logo.png\",\"width\":161,\"height\":126,\"caption\":\"TRAGOR IGN\u00c1C M\u00daZEUM \u2022 V\u00c1C\"},\"image\":{\"@id\":\"https:\\\/\\\/muzeumvac.hu\\\/#\\\/schema\\\/logo\\\/image\\\/\"},\"sameAs\":[\"https:\\\/\\\/www.facebook.com\\\/vac.tragorignacmuzeum\",\"https:\\\/\\\/www.instagram.com\\\/tragormuzeum\",\"https:\\\/\\\/www.youtube.com\\\/@TragorIgncMzeum-vac\"]},{\"@type\":\"Person\",\"@id\":\"https:\\\/\\\/muzeumvac.hu\\\/#\\\/schema\\\/person\\\/d73a673bd1111e355bb9238b14da25f8\",\"name\":\"admin\",\"image\":{\"@type\":\"ImageObject\",\"inLanguage\":\"en-GB\",\"@id\":\"https:\\\/\\\/secure.gravatar.com\\\/avatar\\\/f042f400508ccd1a90b1abecbe9864eeb9652d40ebbc2eb2d0b6da4fb1d33d61?s=96&d=mm&r=g\",\"url\":\"https:\\\/\\\/secure.gravatar.com\\\/avatar\\\/f042f400508ccd1a90b1abecbe9864eeb9652d40ebbc2eb2d0b6da4fb1d33d61?s=96&d=mm&r=g\",\"contentUrl\":\"https:\\\/\\\/secure.gravatar.com\\\/avatar\\\/f042f400508ccd1a90b1abecbe9864eeb9652d40ebbc2eb2d0b6da4fb1d33d61?s=96&d=mm&r=g\",\"caption\":\"admin\"},\"sameAs\":[\"https:\\\/\\\/muzeumvac.hu\",\"https:\\\/\\\/www.facebook.com\\\/vac.tragorignacmuzeum\",\"https:\\\/\\\/www.youtube.com\\\/@TragorIgn\u00e1cM\u00fazeum-vac\"],\"url\":\"https:\\\/\\\/muzeumvac.hu\\\/en\\\/author\\\/admin\\\/\"}]}<\/script>\n<!-- \/ Yoast SEO Premium plugin. -->","yoast_head_json":{"title":"A H\u00f3nap m\u0171t\u00e1rgya - Hincz Gyula: Vil\u00e1ganat\u00f3mia,1974, 200 x 120 cm, olaj, v\u00e1szon - TRAGOR IGN\u00c1C M\u00daZEUM \u2022 V\u00c1C","robots":{"index":"index","follow":"follow","max-snippet":"max-snippet:-1","max-image-preview":"max-image-preview:large","max-video-preview":"max-video-preview:-1"},"canonical":"https:\/\/muzeumvac.hu\/en\/2026\/03\/03\/a-honap-mutargya-hincz-gyula-vilaganatomia1974-200-x-120-cm-olaj-vaszon\/","og_locale":"en_GB","og_type":"article","og_title":"A H\u00f3nap m\u0171t\u00e1rgya - Hincz Gyula: Vil\u00e1ganat\u00f3mia,1974, 200 x 120 cm, olaj, v\u00e1szon","og_description":"TIM 130 - A h\u00f3nap m\u0171t\u00e1rgya Hincz Gyula (1904- 1986) k\u00e9tszeres Kossuth- \u00e9s Munk\u00e1csy d\u00edjas grafikus-, fest\u0151- \u00e9s iparm\u0171v\u00e9sz v\u00e1ci gy\u0171jtem\u00e9ny\u00e9t maga a m\u0171v\u00e9sz alapozta meg, amikor 1980-ban k\u00f6zel 150 [&hellip;]","og_url":"https:\/\/muzeumvac.hu\/en\/2026\/03\/03\/a-honap-mutargya-hincz-gyula-vilaganatomia1974-200-x-120-cm-olaj-vaszon\/","og_site_name":"TRAGOR IGN\u00c1C M\u00daZEUM \u2022 V\u00c1C","article_publisher":"https:\/\/www.facebook.com\/vac.tragorignacmuzeum","article_author":"https:\/\/www.facebook.com\/vac.tragorignacmuzeum","article_published_time":"2026-03-03T15:22:52+00:00","article_modified_time":"2026-03-11T15:23:45+00:00","og_image":[{"width":1410,"height":2000,"url":"https:\/\/muzeumvac.hu\/wp-content\/uploads\/2026\/03\/Hincz-1.jpg","type":"image\/jpeg"}],"author":"admin","twitter_card":"summary_large_image","twitter_misc":{"Written by":"admin","Estimated reading time":"2 minutes"},"schema":{"@context":"https:\/\/schema.org","@graph":[{"@type":"Article","@id":"https:\/\/muzeumvac.hu\/2026\/03\/03\/a-honap-mutargya-hincz-gyula-vilaganatomia1974-200-x-120-cm-olaj-vaszon\/#article","isPartOf":{"@id":"https:\/\/muzeumvac.hu\/2026\/03\/03\/a-honap-mutargya-hincz-gyula-vilaganatomia1974-200-x-120-cm-olaj-vaszon\/"},"author":{"name":"admin","@id":"https:\/\/muzeumvac.hu\/#\/schema\/person\/d73a673bd1111e355bb9238b14da25f8"},"headline":"A H\u00f3nap m\u0171t\u00e1rgya &#8211; Hincz Gyula: Vil\u00e1ganat\u00f3mia,1974, 200 x 120 cm, olaj, v\u00e1szon","datePublished":"2026-03-03T15:22:52+00:00","dateModified":"2026-03-11T15:23:45+00:00","mainEntityOfPage":{"@id":"https:\/\/muzeumvac.hu\/2026\/03\/03\/a-honap-mutargya-hincz-gyula-vilaganatomia1974-200-x-120-cm-olaj-vaszon\/"},"wordCount":465,"publisher":{"@id":"https:\/\/muzeumvac.hu\/#organization"},"image":{"@id":"https:\/\/muzeumvac.hu\/2026\/03\/03\/a-honap-mutargya-hincz-gyula-vilaganatomia1974-200-x-120-cm-olaj-vaszon\/#primaryimage"},"thumbnailUrl":"https:\/\/muzeumvac.hu\/wp-content\/uploads\/2026\/03\/Hincz-1.jpg","articleSection":["Blog"],"inLanguage":"en-GB"},{"@type":"WebPage","@id":"https:\/\/muzeumvac.hu\/2026\/03\/03\/a-honap-mutargya-hincz-gyula-vilaganatomia1974-200-x-120-cm-olaj-vaszon\/","url":"https:\/\/muzeumvac.hu\/2026\/03\/03\/a-honap-mutargya-hincz-gyula-vilaganatomia1974-200-x-120-cm-olaj-vaszon\/","name":"A H\u00f3nap m\u0171t\u00e1rgya - Hincz Gyula: Vil\u00e1ganat\u00f3mia,1974, 200 x 120 cm, olaj, v\u00e1szon - TRAGOR IGN\u00c1C M\u00daZEUM \u2022 V\u00c1C","isPartOf":{"@id":"https:\/\/muzeumvac.hu\/#website"},"primaryImageOfPage":{"@id":"https:\/\/muzeumvac.hu\/2026\/03\/03\/a-honap-mutargya-hincz-gyula-vilaganatomia1974-200-x-120-cm-olaj-vaszon\/#primaryimage"},"image":{"@id":"https:\/\/muzeumvac.hu\/2026\/03\/03\/a-honap-mutargya-hincz-gyula-vilaganatomia1974-200-x-120-cm-olaj-vaszon\/#primaryimage"},"thumbnailUrl":"https:\/\/muzeumvac.hu\/wp-content\/uploads\/2026\/03\/Hincz-1.jpg","datePublished":"2026-03-03T15:22:52+00:00","dateModified":"2026-03-11T15:23:45+00:00","breadcrumb":{"@id":"https:\/\/muzeumvac.hu\/2026\/03\/03\/a-honap-mutargya-hincz-gyula-vilaganatomia1974-200-x-120-cm-olaj-vaszon\/#breadcrumb"},"inLanguage":"en-GB","potentialAction":[{"@type":"ReadAction","target":["https:\/\/muzeumvac.hu\/2026\/03\/03\/a-honap-mutargya-hincz-gyula-vilaganatomia1974-200-x-120-cm-olaj-vaszon\/"]}]},{"@type":"ImageObject","inLanguage":"en-GB","@id":"https:\/\/muzeumvac.hu\/2026\/03\/03\/a-honap-mutargya-hincz-gyula-vilaganatomia1974-200-x-120-cm-olaj-vaszon\/#primaryimage","url":"https:\/\/muzeumvac.hu\/wp-content\/uploads\/2026\/03\/Hincz-1.jpg","contentUrl":"https:\/\/muzeumvac.hu\/wp-content\/uploads\/2026\/03\/Hincz-1.jpg","width":1410,"height":2000},{"@type":"BreadcrumbList","@id":"https:\/\/muzeumvac.hu\/2026\/03\/03\/a-honap-mutargya-hincz-gyula-vilaganatomia1974-200-x-120-cm-olaj-vaszon\/#breadcrumb","itemListElement":[{"@type":"ListItem","position":1,"name":"Kezd\u0151lap","item":"https:\/\/muzeumvac.hu\/"},{"@type":"ListItem","position":2,"name":"A H\u00f3nap m\u0171t\u00e1rgya &#8211; Hincz Gyula: Vil\u00e1ganat\u00f3mia,1974, 200 x 120 cm, olaj, v\u00e1szon"}]},{"@type":"WebSite","@id":"https:\/\/muzeumvac.hu\/#website","url":"https:\/\/muzeumvac.hu\/","name":"TRAGOR IGN\u00c1C M\u00daZEUM \u2022 V\u00c1C","description":"One museum, a thousand experiences!","publisher":{"@id":"https:\/\/muzeumvac.hu\/#organization"},"potentialAction":[{"@type":"SearchAction","target":{"@type":"EntryPoint","urlTemplate":"https:\/\/muzeumvac.hu\/?s={search_term_string}"},"query-input":{"@type":"PropertyValueSpecification","valueRequired":true,"valueName":"search_term_string"}}],"inLanguage":"en-GB"},{"@type":"Organization","@id":"https:\/\/muzeumvac.hu\/#organization","name":"TRAGOR IGN\u00c1C M\u00daZEUM \u2022 V\u00c1C","url":"https:\/\/muzeumvac.hu\/","logo":{"@type":"ImageObject","inLanguage":"en-GB","@id":"https:\/\/muzeumvac.hu\/#\/schema\/logo\/image\/","url":"https:\/\/muzeumvac.hu\/wp-content\/uploads\/2025\/07\/tragor_ignac_logo.png","contentUrl":"https:\/\/muzeumvac.hu\/wp-content\/uploads\/2025\/07\/tragor_ignac_logo.png","width":161,"height":126,"caption":"TRAGOR IGN\u00c1C M\u00daZEUM \u2022 V\u00c1C"},"image":{"@id":"https:\/\/muzeumvac.hu\/#\/schema\/logo\/image\/"},"sameAs":["https:\/\/www.facebook.com\/vac.tragorignacmuzeum","https:\/\/www.instagram.com\/tragormuzeum","https:\/\/www.youtube.com\/@TragorIgncMzeum-vac"]},{"@type":"Person","@id":"https:\/\/muzeumvac.hu\/#\/schema\/person\/d73a673bd1111e355bb9238b14da25f8","name":"admin","image":{"@type":"ImageObject","inLanguage":"en-GB","@id":"https:\/\/secure.gravatar.com\/avatar\/f042f400508ccd1a90b1abecbe9864eeb9652d40ebbc2eb2d0b6da4fb1d33d61?s=96&d=mm&r=g","url":"https:\/\/secure.gravatar.com\/avatar\/f042f400508ccd1a90b1abecbe9864eeb9652d40ebbc2eb2d0b6da4fb1d33d61?s=96&d=mm&r=g","contentUrl":"https:\/\/secure.gravatar.com\/avatar\/f042f400508ccd1a90b1abecbe9864eeb9652d40ebbc2eb2d0b6da4fb1d33d61?s=96&d=mm&r=g","caption":"admin"},"sameAs":["https:\/\/muzeumvac.hu","https:\/\/www.facebook.com\/vac.tragorignacmuzeum","https:\/\/www.youtube.com\/@TragorIgn\u00e1cM\u00fazeum-vac"],"url":"https:\/\/muzeumvac.hu\/en\/author\/admin\/"}]}},"_links":{"self":[{"href":"https:\/\/muzeumvac.hu\/en\/wp-json\/wp\/v2\/posts\/5958","targetHints":{"allow":["GET"]}}],"collection":[{"href":"https:\/\/muzeumvac.hu\/en\/wp-json\/wp\/v2\/posts"}],"about":[{"href":"https:\/\/muzeumvac.hu\/en\/wp-json\/wp\/v2\/types\/post"}],"author":[{"embeddable":true,"href":"https:\/\/muzeumvac.hu\/en\/wp-json\/wp\/v2\/users\/1"}],"replies":[{"embeddable":true,"href":"https:\/\/muzeumvac.hu\/en\/wp-json\/wp\/v2\/comments?post=5958"}],"version-history":[{"count":4,"href":"https:\/\/muzeumvac.hu\/en\/wp-json\/wp\/v2\/posts\/5958\/revisions"}],"predecessor-version":[{"id":6052,"href":"https:\/\/muzeumvac.hu\/en\/wp-json\/wp\/v2\/posts\/5958\/revisions\/6052"}],"wp:featuredmedia":[{"embeddable":true,"href":"https:\/\/muzeumvac.hu\/en\/wp-json\/wp\/v2\/media\/5962"}],"wp:attachment":[{"href":"https:\/\/muzeumvac.hu\/en\/wp-json\/wp\/v2\/media?parent=5958"}],"wp:term":[{"taxonomy":"category","embeddable":true,"href":"https:\/\/muzeumvac.hu\/en\/wp-json\/wp\/v2\/categories?post=5958"},{"taxonomy":"post_tag","embeddable":true,"href":"https:\/\/muzeumvac.hu\/en\/wp-json\/wp\/v2\/tags?post=5958"}],"curies":[{"name":"wp","href":"https:\/\/api.w.org\/{rel}","templated":true}]}}